{"id":4210,"date":"2025-03-06T09:27:51","date_gmt":"2025-03-06T07:27:51","guid":{"rendered":"https:\/\/www.funiculart.fr\/ressources\/?p=4210"},"modified":"2025-03-06T09:28:25","modified_gmt":"2025-03-06T07:28:25","slug":"stage-carnet-de-voyage-atelier-47","status":"publish","type":"post","link":"https:\/\/www.funiculart.fr\/ressources\/stage-carnet-de-voyage-atelier-47\/","title":{"rendered":"Stage Carnet de voyage \/ atelier 47"},"content":{"rendered":"<div><span style=\"font-family: arial, sans-serif;\">Il reste des places pour le stage Carnet de voyage du samedi 5 et dimanche 6 avril 2025 de 14h \u00e0 17h.<\/span><\/div>\n<div>\n<p><span style=\"font-family: arial, sans-serif;\">\u00ab\u00a0Dans l&rsquo;environnement bucolique de l&rsquo;atelier 47, le quartier de Flers bourg se pr\u00eate bien \u00e0 la technique du carnet de voyage.<\/span><span style=\"font-family: arial, sans-serif;\">Remplir un cahier personnel avec dessins et souvenirs collect\u00e9s \u00e0 droite \u00e0 gauche, retrouver l&rsquo;ambiance des endroits travers\u00e9s et les atmosph\u00e8res v\u00e9cues&#8230;Aquarelle, dessin \u00e0 l&rsquo;encre, collage et techniques vari\u00e9es animeront nos 2 jours de stage<\/span><\/p>\n<p><span style=\"font-family: arial, sans-serif;\">Dans la trousse de \u201cl&rsquo;artiste en carnet de voyage\u00a0\u00bb on trouve :<\/span><\/p>\n<p><span style=\"font-family: arial, sans-serif;\">un Carnet, des pinceaux, une boite d&rsquo;aquarelle, une petite bouteille d eau, une feuille de sopalin, des crayons, une gomme, un feutre fin permanent, une feuille de calque, 1 crayon \u00e0 la cire, de la colle, du scotch, des petits ciseaux.\u00a0\u00bb<\/span><\/p>\n<\/div>\n<div><span style=\"font-family: arial, sans-serif;\">Pour vous inscrire, merci de m&rsquo;envoyer le bulletin d&rsquo;inscription ci joint avec le montant de la reservation.<\/span><\/div>\n<div><span style=\"font-family: arial, sans-serif;\">Amicalement<\/span><\/div>\n<div><span style=\"font-family: arial, sans-serif;\">Elisabeth<\/span><\/div>\n<p><span style=\"color: #888888;\"><span style=\"font-family: arial, sans-serif;\"><span class=\"gmail_signature_prefix\">&#8212;<\/span><br \/>\n<\/span><\/span><\/p>\n<div class=\"gmail_signature\" dir=\"ltr\" data-smartmail=\"gmail_signature\">\n<div dir=\"ltr\">\n<div><span style=\"font-family: arial, sans-serif;\">Elisabeth Halloo Joye<\/span><\/div>\n<div><a href=\"http:\/\/www.legarage47.com\/\" target=\"_blank\" rel=\"noopener\" data-saferedirecturl=\"https:\/\/www.google.com\/url?q=http:\/\/www.legarage47.com&amp;source=gmail&amp;ust=1741332253123000&amp;usg=AOvVaw3HF3tg_smG9G--xBMVKiIx\"><span style=\"font-family: arial, sans-serif;\">www.legarage47.com<\/span><\/a><\/div>\n<div><img loading=\"lazy\" decoding=\"async\" class=\"aligncenter size-large wp-image-4211\" src=\"https:\/\/www.funiculart.fr\/ressources\/wp-content\/uploads\/2025\/03\/atelier-47-744x1024.jpg\" alt=\"\" width=\"630\" height=\"867\" srcset=\"https:\/\/www.funiculart.fr\/ressources\/wp-content\/uploads\/2025\/03\/atelier-47-744x1024.jpg 744w, https:\/\/www.funiculart.fr\/ressources\/wp-content\/uploads\/2025\/03\/atelier-47-291x400.jpg 291w, https:\/\/www.funiculart.fr\/ressources\/wp-content\/uploads\/2025\/03\/atelier-47-768x1057.jpg 768w, https:\/\/www.funiculart.fr\/ressources\/wp-content\/uploads\/2025\/03\/atelier-47-1116x1536.jpg 1116w, https:\/\/www.funiculart.fr\/ressources\/wp-content\/uploads\/2025\/03\/atelier-47-1488x2048.jpg 1488w, https:\/\/www.funiculart.fr\/ressources\/wp-content\/uploads\/2025\/03\/atelier-47-1320x1817.jpg 1320w, https:\/\/www.funiculart.fr\/ressources\/wp-content\/uploads\/2025\/03\/atelier-47-scaled.jpg 1860w\" sizes=\"auto, (max-width: 630px) 100vw, 630px\" \/><\/div>\n<\/div>\n<\/div>\n","protected":false},"excerpt":{"rendered":"<p>Il reste des places pour le stage Carnet de voyage du samedi 5 et dimanche 6 avril 2025 de 14h \u00e0 17h. \u00ab\u00a0Dans l&rsquo;environnement bucolique de l&rsquo;atelier 47, le quartier de Flers bourg se pr\u00eate bien \u00e0 la technique du carnet de voyage.Remplir un cahier personnel avec dessins et souvenirs collect\u00e9s \u00e0 droite \u00e0 gauche, [&hellip;]<\/p>\n","protected":false},"author":1,"featured_media":4211,"comment_status":"open","ping_status":"open","sticky":false,"template":"","format":"standard","meta":{"footnotes":""},"categories":[1],"tags":[],"class_list":["post-4210","post","type-post","status-publish","format-standard","has-post-thumbnail","hentry","category-sur-funiculart"],"aioseo_notices":[],"_links":{"self":[{"href":"https:\/\/www.funiculart.fr\/ressources\/wp-json\/wp\/v2\/posts\/4210","targetHints":{"allow":["GET"]}}],"collection":[{"href":"https:\/\/www.funiculart.fr\/ressources\/wp-json\/wp\/v2\/posts"}],"about":[{"href":"https:\/\/www.funiculart.fr\/ressources\/wp-json\/wp\/v2\/types\/post"}],"author":[{"embeddable":true,"href":"https:\/\/www.funiculart.fr\/ressources\/wp-json\/wp\/v2\/users\/1"}],"replies":[{"embeddable":true,"href":"https:\/\/www.funiculart.fr\/ressources\/wp-json\/wp\/v2\/comments?post=4210"}],"version-history":[{"count":3,"href":"https:\/\/www.funiculart.fr\/ressources\/wp-json\/wp\/v2\/posts\/4210\/revisions"}],"predecessor-version":[{"id":4214,"href":"https:\/\/www.funiculart.fr\/ressources\/wp-json\/wp\/v2\/posts\/4210\/revisions\/4214"}],"wp:featuredmedia":[{"embeddable":true,"href":"https:\/\/www.funiculart.fr\/ressources\/wp-json\/wp\/v2\/media\/4211"}],"wp:attachment":[{"href":"https:\/\/www.funiculart.fr\/ressources\/wp-json\/wp\/v2\/media?parent=4210"}],"wp:term":[{"taxonomy":"category","embeddable":true,"href":"https:\/\/www.funiculart.fr\/ressources\/wp-json\/wp\/v2\/categories?post=4210"},{"taxonomy":"post_tag","embeddable":true,"href":"https:\/\/www.funiculart.fr\/ressources\/wp-json\/wp\/v2\/tags?post=4210"}],"curies":[{"name":"wp","href":"https:\/\/api.w.org\/{rel}","templated":true}]}}