{"id":3775,"date":"2022-01-26T11:59:57","date_gmt":"2022-01-26T09:59:57","guid":{"rendered":"https:\/\/www.funiculart.fr\/ressources\/?p=3775"},"modified":"2022-01-26T12:02:21","modified_gmt":"2022-01-26T10:02:21","slug":"stage-de-dessin-3-jours-au-garage-47-de-villeneuve-dascq","status":"publish","type":"post","link":"https:\/\/www.funiculart.fr\/ressources\/stage-de-dessin-3-jours-au-garage-47-de-villeneuve-dascq\/","title":{"rendered":"Stage de dessin 3 jours au Garage 47 de Villeneuve d&rsquo;Ascq :"},"content":{"rendered":"<div class=\"gmail_attr\" dir=\"ltr\">Bonjour,<\/div>\n<div dir=\"ltr\">\n<div>Je vous propose un stage de 3 soirs avec 3 mod\u00e8les diff\u00e9rents : le lundi 7, mardi 8 et mercredi 9 f\u00e9vrier 2022 de 18h30 \u00e0 20h30.<\/div>\n<div>Il vous faut un carnet de croquis, des crayons et des fusains.<\/div>\n<div>Les places sont limit\u00e9es pour un meilleur conseil sur les techniques de dessin ( tous les niveaux sont accept\u00e9s ).<\/div>\n<div>\u00a0Vous pouvez r\u00e9server en remplissant le bulletin ci joint par mail (le stage est au tarif de 50 euros) ou par courrier avec un ch\u00e8que \u00e0 l&rsquo;ordre du Garage 47, 47 rue Colpin 59650 Villeneuve d&rsquo;Ascq.<\/div>\n<div><a href=\"https:\/\/www.funiculart.fr\/ressources\/cours-dessin-peinture-aquarelle-modelage-et-bande-dessinee\/\">Tout savoir via ce lien : Atelier 47<\/a><\/div>\n<div><\/div>\n<\/div>\n<div>\n<p><img loading=\"lazy\" decoding=\"async\" class=\"size-large wp-image-3776\" src=\"https:\/\/www.funiculart.fr\/ressources\/wp-content\/uploads\/2022\/01\/modele-vivant-21-22-Atelier-47-977x1024.jpg\" alt=\"\" width=\"630\" height=\"660\" srcset=\"https:\/\/www.funiculart.fr\/ressources\/wp-content\/uploads\/2022\/01\/modele-vivant-21-22-Atelier-47-977x1024.jpg 977w, https:\/\/www.funiculart.fr\/ressources\/wp-content\/uploads\/2022\/01\/modele-vivant-21-22-Atelier-47-382x400.jpg 382w, https:\/\/www.funiculart.fr\/ressources\/wp-content\/uploads\/2022\/01\/modele-vivant-21-22-Atelier-47-768x805.jpg 768w, https:\/\/www.funiculart.fr\/ressources\/wp-content\/uploads\/2022\/01\/modele-vivant-21-22-Atelier-47.jpg 1182w\" sizes=\"auto, (max-width: 630px) 100vw, 630px\" \/><\/p>\n<\/div>\n","protected":false},"excerpt":{"rendered":"<p>Bonjour, Je vous propose un stage de 3 soirs avec 3 mod\u00e8les diff\u00e9rents : le lundi 7, mardi 8 et mercredi 9 f\u00e9vrier 2022 de 18h30 \u00e0 20h30. Il vous faut un carnet de croquis, des crayons et des fusains. Les places sont limit\u00e9es pour un meilleur conseil sur les techniques de dessin ( tous [&hellip;]<\/p>\n","protected":false},"author":1,"featured_media":0,"comment_status":"open","ping_status":"open","sticky":false,"template":"","format":"standard","meta":{"footnotes":""},"categories":[1],"tags":[],"class_list":["post-3775","post","type-post","status-publish","format-standard","hentry","category-sur-funiculart"],"aioseo_notices":[],"_links":{"self":[{"href":"https:\/\/www.funiculart.fr\/ressources\/wp-json\/wp\/v2\/posts\/3775","targetHints":{"allow":["GET"]}}],"collection":[{"href":"https:\/\/www.funiculart.fr\/ressources\/wp-json\/wp\/v2\/posts"}],"about":[{"href":"https:\/\/www.funiculart.fr\/ressources\/wp-json\/wp\/v2\/types\/post"}],"author":[{"embeddable":true,"href":"https:\/\/www.funiculart.fr\/ressources\/wp-json\/wp\/v2\/users\/1"}],"replies":[{"embeddable":true,"href":"https:\/\/www.funiculart.fr\/ressources\/wp-json\/wp\/v2\/comments?post=3775"}],"version-history":[{"count":3,"href":"https:\/\/www.funiculart.fr\/ressources\/wp-json\/wp\/v2\/posts\/3775\/revisions"}],"predecessor-version":[{"id":3781,"href":"https:\/\/www.funiculart.fr\/ressources\/wp-json\/wp\/v2\/posts\/3775\/revisions\/3781"}],"wp:attachment":[{"href":"https:\/\/www.funiculart.fr\/ressources\/wp-json\/wp\/v2\/media?parent=3775"}],"wp:term":[{"taxonomy":"category","embeddable":true,"href":"https:\/\/www.funiculart.fr\/ressources\/wp-json\/wp\/v2\/categories?post=3775"},{"taxonomy":"post_tag","embeddable":true,"href":"https:\/\/www.funiculart.fr\/ressources\/wp-json\/wp\/v2\/tags?post=3775"}],"curies":[{"name":"wp","href":"https:\/\/api.w.org\/{rel}","templated":true}]}}