{"id":3690,"date":"2021-11-19T10:39:25","date_gmt":"2021-11-19T08:39:25","guid":{"rendered":"https:\/\/www.funiculart.fr\/ressources\/?p=3690"},"modified":"2021-11-19T10:39:25","modified_gmt":"2021-11-19T08:39:25","slug":"exposition-garage-47-villeneuve-dascq","status":"publish","type":"post","link":"https:\/\/www.funiculart.fr\/ressources\/exposition-garage-47-villeneuve-dascq\/","title":{"rendered":"Exposition Garage 47 Villeneuve d&rsquo;Ascq"},"content":{"rendered":"<div><span style=\"font-size: large;\">Nous sommes heureuses de vous inviter avec vos amis au<b>\u00a0<a href=\"https:\/\/www.funiculart.fr\/ressources\/cours-dessin-peinture-aquarelle-modelage-et-bande-dessinee\/\">Vernissage de l&rsquo;Exposition-Vente du Garage 47 :<\/a><\/b><\/span><\/div>\n<div><span style=\"font-size: large;\">le<b>\u00a0<\/b><i><u>Vendredi 10 D\u00e9cembre 2021 de 17h \u00e0 20h<\/u><\/i><b>.\u00a0<\/b><\/span><\/div>\n<div><span style=\"font-size: large;\">L&rsquo;exposition se d\u00e9roulera \u00e9galement<b>\u00a0<\/b><\/span><span style=\"font-size: large;\">le<b>\u00a0Samedi 11 D\u00e9cembre de 14h \u00e0 19h<\/b><b>.<\/b><\/span><\/div>\n<div>\n<div><b><span style=\"font-size: large;\">Peintures, Sculptures, Aquarelles et objets de d\u00e9coration en c\u00e9ramique Raku.<\/span><\/b><\/div>\n<\/div>\n<div><\/div>\n<div><b><span style=\"font-size: large;\">Le Garage 47 :\u00a0<\/span><\/b><b><span style=\"font-size: large;\">47 rue Colpin\u00a0<\/span><\/b><b><span style=\"font-size: large;\">59650 Villeneuve d&rsquo;Ascq<\/span><\/b><\/div>\n<div><img loading=\"lazy\" decoding=\"async\" class=\"aligncenter size-large wp-image-3691\" src=\"https:\/\/www.funiculart.fr\/ressources\/wp-content\/uploads\/2021\/11\/EXPOSITION-garage-47-DECEMBRE-2021-1024x678.jpg\" alt=\"\" width=\"630\" height=\"417\" srcset=\"https:\/\/www.funiculart.fr\/ressources\/wp-content\/uploads\/2021\/11\/EXPOSITION-garage-47-DECEMBRE-2021-1024x678.jpg 1024w, https:\/\/www.funiculart.fr\/ressources\/wp-content\/uploads\/2021\/11\/EXPOSITION-garage-47-DECEMBRE-2021-600x397.jpg 600w, https:\/\/www.funiculart.fr\/ressources\/wp-content\/uploads\/2021\/11\/EXPOSITION-garage-47-DECEMBRE-2021-768x509.jpg 768w, https:\/\/www.funiculart.fr\/ressources\/wp-content\/uploads\/2021\/11\/EXPOSITION-garage-47-DECEMBRE-2021-1536x1017.jpg 1536w, https:\/\/www.funiculart.fr\/ressources\/wp-content\/uploads\/2021\/11\/EXPOSITION-garage-47-DECEMBRE-2021-2048x1356.jpg 2048w, https:\/\/www.funiculart.fr\/ressources\/wp-content\/uploads\/2021\/11\/EXPOSITION-garage-47-DECEMBRE-2021-1320x874.jpg 1320w\" sizes=\"auto, (max-width: 630px) 100vw, 630px\" \/><\/div>\n<div><\/div>\n","protected":false},"excerpt":{"rendered":"<p>Nous sommes heureuses de vous inviter avec vos amis au\u00a0Vernissage de l&rsquo;Exposition-Vente du Garage 47 : le\u00a0Vendredi 10 D\u00e9cembre 2021 de 17h \u00e0 20h.\u00a0 L&rsquo;exposition se d\u00e9roulera \u00e9galement\u00a0le\u00a0Samedi 11 D\u00e9cembre de 14h \u00e0 19h. Peintures, Sculptures, Aquarelles et objets de d\u00e9coration en c\u00e9ramique Raku. Le Garage 47 :\u00a047 rue Colpin\u00a059650 Villeneuve d&rsquo;Ascq<\/p>\n","protected":false},"author":1,"featured_media":0,"comment_status":"open","ping_status":"open","sticky":false,"template":"","format":"standard","meta":{"footnotes":""},"categories":[1],"tags":[],"class_list":["post-3690","post","type-post","status-publish","format-standard","hentry","category-sur-funiculart"],"aioseo_notices":[],"_links":{"self":[{"href":"https:\/\/www.funiculart.fr\/ressources\/wp-json\/wp\/v2\/posts\/3690","targetHints":{"allow":["GET"]}}],"collection":[{"href":"https:\/\/www.funiculart.fr\/ressources\/wp-json\/wp\/v2\/posts"}],"about":[{"href":"https:\/\/www.funiculart.fr\/ressources\/wp-json\/wp\/v2\/types\/post"}],"author":[{"embeddable":true,"href":"https:\/\/www.funiculart.fr\/ressources\/wp-json\/wp\/v2\/users\/1"}],"replies":[{"embeddable":true,"href":"https:\/\/www.funiculart.fr\/ressources\/wp-json\/wp\/v2\/comments?post=3690"}],"version-history":[{"count":0,"href":"https:\/\/www.funiculart.fr\/ressources\/wp-json\/wp\/v2\/posts\/3690\/revisions"}],"wp:attachment":[{"href":"https:\/\/www.funiculart.fr\/ressources\/wp-json\/wp\/v2\/media?parent=3690"}],"wp:term":[{"taxonomy":"category","embeddable":true,"href":"https:\/\/www.funiculart.fr\/ressources\/wp-json\/wp\/v2\/categories?post=3690"},{"taxonomy":"post_tag","embeddable":true,"href":"https:\/\/www.funiculart.fr\/ressources\/wp-json\/wp\/v2\/tags?post=3690"}],"curies":[{"name":"wp","href":"https:\/\/api.w.org\/{rel}","templated":true}]}}