{"id":3156,"date":"2019-11-05T10:30:43","date_gmt":"2019-11-05T08:30:43","guid":{"rendered":"https:\/\/www.funiculart.fr\/ressources\/?p=3156"},"modified":"2019-11-05T10:34:31","modified_gmt":"2019-11-05T08:34:31","slug":"abbaye-de-belval-renc-art-a-belval-dimanche-14-juin-2020","status":"publish","type":"post","link":"https:\/\/www.funiculart.fr\/ressources\/abbaye-de-belval-renc-art-a-belval-dimanche-14-juin-2020\/","title":{"rendered":"Abbaye de Belval\u00a0: RENC ART A BELVAL dimanche 14 juin 2020"},"content":{"rendered":"<p>L&rsquo;\u00e9v\u00e9nement \u00ab\u00a0renc art \u00e0 Belval\u00a0\u00bb (4eme \u00e9dition : rencontre artistes amateurs\/pros) aura lieu dans le parc et le clo\u00eetre de l&rsquo;Abbaye de Belval le 14 juin 2020. L&rsquo;an dernier plus de 75 peintres sont venus peindre sur le motif et\/ou exposer. Cette ann\u00e9e cette exposition appelle \u00e0 un plus grand \u00ab\u00a0rassemblement\u00a0\u00bb. Nous comptons donc sur d&rsquo;avantage d&rsquo;inscrits (peintres et sculpteurs). L&rsquo;inscription est gratuite. En 2020 un salon du livre va venir compl\u00e9ter cette belle journ\u00e9e. en savoir plus sur notre page d\u00e9di\u00e9e : <a href=\"https:\/\/www.funiculart.fr\/ressources\/abbaye-de-belval-rencart\/\">Abbaye-de-belval-rencart\/<\/a><\/p>\n<!-- Rendered by FancyBox without labels BEGIN -->\n\n\t<style type=\"text\/css\">\n\t\t\t\t\t#gallery-0 {\n\t\t\t\t\t\tmargin: auto;\n\t\t\t\t\t}\n\t\t\t\t\t#gallery-0 .gallery-item {\n\t\t\t\t\t\tfloat: left;\n\t\t\t\t\t\tmargin-top: 10px;\n\t\t\t\t\t\ttext-align: center;\n\t\t\t\t\t\twidth: 32%;\n\t\t\t\t\t}\n\t\t\t\t\t#gallery-0 img {\n\t\t\t\t\t\tborder: 2px solid #cfcfcf;\n\t\t\t\t\t}\n\t\t\t\t\t#gallery-0 .gallery-caption {\n\t\t\t\t\t\tmargin-left: 0;\n\t\t\t\t\t}\n\t<\/style>\n<script type=\"text\/javascript\">\n$(document).ready(function() {\n\t\/*\n\t *  Simple image gallery. Uses default settings\n\t *\/\n\n\t$(\".fancybox\").fancybox({\n\t\t\"transitionIn\"\t\t: \"none\",\n\t\t\"transitionOut\"\t\t: \"none\",\n\t\t\"titlePosition\" \t: \"over\"\n\n\t});\n});\n<\/script>\n\n\t<div id=\"gallery-0\" class=\"gallery galleryid-0 gallery-size-thumbnail\" style=\"\"><dl class=\"gallery-item\"><dt class=\"gallery-icon\">\n\t\t<a class=\"fancybox\" href=\"https:\/\/www.funiculart.fr\/ressources\/wp-content\/uploads\/2019\/11\/abbaye-de-belval-renc-art-2020-1.jpg\" rel=\"gallery-0\"><img loading=\"lazy\" decoding=\"async\" width=\"150\" height=\"268\" class=\"attachment-thumbnail\" alt=\"\" src=\"https:\/\/www.funiculart.fr\/ressources\/wp-content\/uploads\/2019\/11\/abbaye-de-belval-renc-art-2020-1-150x268.jpg\" \/><\/a><\/dt><\/dl>\n\n<dl class=\"gallery-item\"><dt class=\"gallery-icon\">\n\t\t<a class=\"fancybox\" href=\"https:\/\/www.funiculart.fr\/ressources\/wp-content\/uploads\/2019\/11\/abbaye-de-belval-renc-art-2020-2.jpg\" rel=\"gallery-0\"><img loading=\"lazy\" decoding=\"async\" width=\"150\" height=\"300\" class=\"attachment-thumbnail\" alt=\"\" src=\"https:\/\/www.funiculart.fr\/ressources\/wp-content\/uploads\/2019\/11\/abbaye-de-belval-renc-art-2020-2-150x300.jpg\" \/><\/a><\/dt><\/dl>\n\n<dl class=\"gallery-item\"><dt class=\"gallery-icon\">\n\t\t<a class=\"fancybox\" href=\"https:\/\/www.funiculart.fr\/ressources\/wp-content\/uploads\/2019\/11\/abbaye-de-belval-renc-art-2020-3.jpg\" rel=\"gallery-0\"><img loading=\"lazy\" decoding=\"async\" width=\"150\" height=\"300\" class=\"attachment-thumbnail\" alt=\"\" src=\"https:\/\/www.funiculart.fr\/ressources\/wp-content\/uploads\/2019\/11\/abbaye-de-belval-renc-art-2020-3-150x300.jpg\" \/><\/a><\/dt><\/dl>\n\n<\/div><br clear=\"all\" \/><!-- Rendered by FancyBox without labels END -->\n\n","protected":false},"excerpt":{"rendered":"<p>L&rsquo;\u00e9v\u00e9nement \u00ab\u00a0renc art \u00e0 Belval\u00a0\u00bb (4eme \u00e9dition : rencontre artistes amateurs\/pros) aura lieu dans le parc et le clo\u00eetre de l&rsquo;Abbaye de Belval le 14 juin 2020. L&rsquo;an dernier plus de 75 peintres sont venus peindre sur le motif et\/ou exposer. Cette ann\u00e9e cette exposition appelle \u00e0 un plus grand \u00ab\u00a0rassemblement\u00a0\u00bb. Nous comptons donc sur [&hellip;]<\/p>\n","protected":false},"author":1,"featured_media":0,"comment_status":"open","ping_status":"open","sticky":false,"template":"","format":"standard","meta":{"footnotes":""},"categories":[1],"tags":[],"class_list":["post-3156","post","type-post","status-publish","format-standard","hentry","category-sur-funiculart"],"aioseo_notices":[],"_links":{"self":[{"href":"https:\/\/www.funiculart.fr\/ressources\/wp-json\/wp\/v2\/posts\/3156","targetHints":{"allow":["GET"]}}],"collection":[{"href":"https:\/\/www.funiculart.fr\/ressources\/wp-json\/wp\/v2\/posts"}],"about":[{"href":"https:\/\/www.funiculart.fr\/ressources\/wp-json\/wp\/v2\/types\/post"}],"author":[{"embeddable":true,"href":"https:\/\/www.funiculart.fr\/ressources\/wp-json\/wp\/v2\/users\/1"}],"replies":[{"embeddable":true,"href":"https:\/\/www.funiculart.fr\/ressources\/wp-json\/wp\/v2\/comments?post=3156"}],"version-history":[{"count":0,"href":"https:\/\/www.funiculart.fr\/ressources\/wp-json\/wp\/v2\/posts\/3156\/revisions"}],"wp:attachment":[{"href":"https:\/\/www.funiculart.fr\/ressources\/wp-json\/wp\/v2\/media?parent=3156"}],"wp:term":[{"taxonomy":"category","embeddable":true,"href":"https:\/\/www.funiculart.fr\/ressources\/wp-json\/wp\/v2\/categories?post=3156"},{"taxonomy":"post_tag","embeddable":true,"href":"https:\/\/www.funiculart.fr\/ressources\/wp-json\/wp\/v2\/tags?post=3156"}],"curies":[{"name":"wp","href":"https:\/\/api.w.org\/{rel}","templated":true}]}}